{"id":12039,"date":"2019-09-16T09:28:55","date_gmt":"2019-09-16T13:28:55","guid":{"rendered":"https:\/\/www.tedic.org\/?p=12039"},"modified":"2022-10-25T00:51:08","modified_gmt":"2022-10-25T03:51:08","slug":"who-watches-the-watchman-facial-recognition-in-asuncion","status":"publish","type":"post","link":"https:\/\/www.tedic.org\/en\/who-watches-the-watchman-facial-recognition-in-asuncion\/","title":{"rendered":"Who watches the watchman? Facial Recognition in Asunci\u00f3n"},"content":{"rendered":"\n<p>On September 13<sup>th<\/sup> we <a href=\"https:\/\/www.tedic.org\/wp-content\/uploads\/2019\/09\/AI-MARICARMEN-SEQUERA_20190913152307-1.pdf\">submitted a<\/a>n unconstitutional action &#8211; under the sponsorship of the lawyers Federico Legal and Ezequiel  Santagada of IDEA and in collaboration with the legal clinic of public information access of the National University of Asunci\u00f3n &#8211; against the resolution No. 238 of the Ministry of Interior and the subsequent judicial resolutions that validated that decision. The aforementioned arose after <a href=\"http:\/\/informacionpublica.paraguay.gov.py\/portal\/#!\/ciudadano\/solicitud\/19983\">the formulation of a request for information<\/a> under the title &#8220;video surveillance cameras &#8211; biometrics&#8221; where we required, among other points, that the State provide the details of the biometric technology system that is being implemented by the Ministry of Interior and the National Police since July of last year, reports on the details of implementation, protocols and any type of data processing of the people that are used in the facial recognition system, what\u2019s the purpose of the system, if the error rates of the algorithm that the software uses have been evaluated and if an analysis has been made on the impact on human rights regarding the use of the system.<\/p>\n\n\n\n<p>On<a href=\"http:\/\/informacionpublica.paraguay.gov.py\/portal\/#!\/ciudadano\/solicitud\/19983\"> April 26<\/a><sup><a href=\"http:\/\/informacionpublica.paraguay.gov.py\/portal\/#!\/ciudadano\/solicitud\/19983\">th<\/a><\/sup><a href=\"http:\/\/informacionpublica.paraguay.gov.py\/portal\/#!\/ciudadano\/solicitud\/19983\"> 2019<\/a>, the Office of Public Information Access of the Ministry of the Interior replied by only providing information regarding the public tender for which the biometric technology system would have been acquired, avoiding a clear explanation of what the system acquired actually is, what kind of technology is or how this technology works. Our organization together with IDEA submitted a j<a href=\"https:\/\/www.tedic.org\/wp-content\/uploads\/2019\/09\/Amparo-MDI_Maricarmen.pdf\">udicial protection (<\/a>amparo appeal)<a href=\"https:\/\/www.tedic.org\/wp-content\/uploads\/2019\/09\/Amparo-MDI_Maricarmen.pdf\"> claiming the lack of information<\/a>. This was based on<a href=\"https:\/\/www.tedic.org\/wp-content\/uploads\/2019\/09\/SD-Amparo-MDI.pdf\"> the resolution no. 238\/19<\/a> by means of which it is resolved that the requested information is of a restricted nature without any basis, despite the fact that the law clearly establishes that for information to be restricted it must be expressly established by law (art. 22 of the Law 5,282); This is not the case since there is no legal regulation that restricts the type of information required.<\/p>\n\n\n\n<p>On this last point it is highlighted that to justify that it qualifies as \u201cnational security\u201d, the <a href=\"http:\/\/www.pgr.gov.py\/\">Attorney General&#8217;s Office<\/a>, legal representative, in this case, argues that by the mere fact of \u201cbeing material or sensitive information\u201d and having been treated within the National Defense Council \u201cwhose deliberations are of a reserved nature\u201d.<\/p>\n\n\n\n<p>The resolution in question violates the right to access information and the responsibility of State institutions to ensure transparency and legal regulations. Given this manifest arbitrariness, we initiated a judicial action to access public information through the amparo appeal. The request was denied, both in the first and<a href=\"https:\/\/www.abc.com.py\/edicion-impresa\/judiciales-y-policiales\/2019\/08\/31\/rechazan-amparo-contra-mdi\/\"> second instance<\/a> under unconstitutional arguments contrary to fundamental rights; undermining the right of the whole society to know about the processing of their personal data by public institutions. Its importance lies in the possibility of revealing details of personal and family life, issues that are protected by the right to privacy. In turn, it violates the right to freedom of expression given that the right to privacy is an essential requirement for the realization of the right to freedom of expression.<\/p>\n\n\n\n<h2 class=\"wp-block-heading\">Cyber surveillance + biometrics in public spaces<\/h2>\n\n\n\n<p>The increasing use of technologies for state surveillance purposes, called \u201ccyber surveillance\u201d, has generated concern in <a href=\"http:\/\/La Asamblea General de las Naciones Unidas a trav\u00e9s de la resoluci\u00f3n 68\/167 de 18 de diciembre de 2013 destac\u00f3 que la capacidad de los gobiernos y las empresas para llevar a cabo actividades de vigilancia, interceptaci\u00f3n y recopilaci\u00f3n de datos de las personas, suscita cada vez m\u00e1s preocupaci\u00f3n. Al respecto; v\u00e9ase http:\/\/ap.ohchr.org\/documents\/S\/HRC\/d_res_dec\/A_HRC_28_L27.pdf\">international human rights protection organizations for their ability to injure fundamental rights<\/a>. This cyber surveillance can take place in several ways, one of them being the one that concerns us: the acquisition and implementation of surveillance software through facial recognition cameras. Its danger lies in the collection and processing of biometric data that, if its implementation is not accompanied by effective protection measures in its use, it may cause violations of the right to privacy to begin with, and of other rights according to each case.<\/p>\n\n\n\n<p>Thus,\nthe former Special Rapporteur on the promotion and protection of\nhuman rights and fundamental freedoms in the fight against terrorism\nof the UN, Martin Scheinin, determined in his report published in\n2009 that, of particular concern: \u201cthe cases in which biometrics is\nnot stored in an identity document, but in a centralized database,\nincreases the risks of information security and leaves vulnerable\nindividuals. As biometric information increases, error rates can\nincrease significantly. The increase in error rates can lead to the\nillicit criminalization of individuals or social exclusion. \u201dHence\nthe importance in which the state provides what the biometric\ntechnology system is, which agency will be responsible for the\nadministration of the database, how the error rates of the algorithm\nused by the software are evaluated, the period of time in which the\ninformation will be stored; while collecting sensitive data of people\ncirculating in public spaces, regardless of whether or not they have\nbeen suspected of misconduct and without any apparent guarantee.<\/p>\n\n\n\n<p>In that sense, it is important to emphasize that the concept of &#8220;national security&#8221; in no way has the scope of legitimizing the use of massive and selective control and surveillance technology of the citizens&#8217;s private life within society when such interference is deployed outside of a context of a judicially authorized criminal investigation; so that the scope of this type of technological espionage are public (and not restricted) when they derive from a certain software used in context of deviation of power that instead of &#8220;national security&#8221; produces legal and personal insecurity for the members of society within the state. This in addition to<a href=\"https:\/\/www.tedic.org\/la-adquisicion-y-el-abuso-de-tecnologias-de-vigilancia-en-america-latina-al-sur\/\"> the growing complaints in the region<\/a> about frequent facial recognition software errors regarding the misidentification of people for having certain predetermined physical characteristics.<\/p>\n\n\n\n<h2 class=\"wp-block-heading\">And where is the security?<\/h2>\n\n\n\n<p>It is quite worrying that the state organs use the legal norms at their convenience, choosing which ones to comply with and which not according to the case, to the detriment of human rights. Even more serious is that the judges, who must ensure compliance with the laws, legitimize this procedure; This is how<a href=\"https:\/\/www.tedic.org\/wp-content\/uploads\/2019\/09\/Sentencia-de-la-camara_rechazo-a-amparo-MDI_-2019-09-02-09.01.10.pdf\"> sentence no. 70 dated August 25<\/a><sup><a href=\"https:\/\/www.tedic.org\/wp-content\/uploads\/2019\/09\/Sentencia-de-la-camara_rechazo-a-amparo-MDI_-2019-09-02-09.01.10.pdf\">th<\/a><\/sup><a href=\"https:\/\/www.tedic.org\/wp-content\/uploads\/2019\/09\/Sentencia-de-la-camara_rechazo-a-amparo-MDI_-2019-09-02-09.01.10.pdf\"> 2019 <\/a>states \u201calthough it is true what was referred by the lawyer in the sense that it has not referred to which law is the basis for the secret or restricted nature of the resolution 238 cited above, <strong>this magistracy must have in mind that the National Police is an internal security body of the State<\/strong>, as provided in article 175 of the National Constitution .. \u201dAccording to the above, the reasoning of the judges is that although the information is not restricted by law, according to the established sentence, if it comes from the National Police it is possible to be restricted information. This opens the window to the modus operandi of qualifying any action emanating from the national police as national security for the sole fact where it comes from, without any regulations that determine it. It should be remembered that this logic was that used during the dictatorial era; a period of time to which it has been ensured not to return to through the reform of the National Constitution that governs the legal system and ensures the rule of law.<\/p>\n\n\n\n<p>We share the video of the presentation of the Unconstitutionality Action here:<\/p>\n\n\n\n<figure class=\"wp-block-embed-youtube alignleft wp-block-embed is-type-video is-provider-youtube wp-embed-aspect-16-9 wp-has-aspect-ratio\"><div class=\"wp-block-embed__wrapper\">\n<iframe loading=\"lazy\" title=\"Presentamos Acci\u00f3n de Inconstitucionalidad\" width=\"500\" height=\"281\" src=\"https:\/\/www.youtube.com\/embed\/aL2r4Wqu3IE?feature=oembed\" frameborder=\"0\" allow=\"accelerometer; autoplay; clipboard-write; encrypted-media; gyroscope; picture-in-picture; web-share\" referrerpolicy=\"strict-origin-when-cross-origin\" allowfullscreen><\/iframe>\n<\/div><\/figure>\n\n\n","protected":false},"excerpt":{"rendered":"<p>On September 13th we submitted an unconstitutional action &#8211; under the sponsorship of the lawyers Federico Legal and Ezequiel Santagada [&hellip;]<\/p>\n","protected":false},"author":1,"featured_media":11705,"comment_status":"open","ping_status":"open","sticky":false,"template":"","format":"standard","meta":{"inline_featured_image":false,"footnotes":""},"categories":[1233,710],"tags":[1288,880,879,1108],"class_list":["post-12039","post","type-post","status-publish","format-standard","has-post-thumbnail","hentry","category-blog-en","category-personal-data","tag-biometric-en","tag-cyber-surveillance","tag-facial-reconigtion","tag-paraguay-en"],"_links":{"self":[{"href":"https:\/\/www.tedic.org\/en\/wp-json\/wp\/v2\/posts\/12039","targetHints":{"allow":["GET"]}}],"collection":[{"href":"https:\/\/www.tedic.org\/en\/wp-json\/wp\/v2\/posts"}],"about":[{"href":"https:\/\/www.tedic.org\/en\/wp-json\/wp\/v2\/types\/post"}],"author":[{"embeddable":true,"href":"https:\/\/www.tedic.org\/en\/wp-json\/wp\/v2\/users\/1"}],"replies":[{"embeddable":true,"href":"https:\/\/www.tedic.org\/en\/wp-json\/wp\/v2\/comments?post=12039"}],"version-history":[{"count":9,"href":"https:\/\/www.tedic.org\/en\/wp-json\/wp\/v2\/posts\/12039\/revisions"}],"predecessor-version":[{"id":12564,"href":"https:\/\/www.tedic.org\/en\/wp-json\/wp\/v2\/posts\/12039\/revisions\/12564"}],"wp:featuredmedia":[{"embeddable":true,"href":"https:\/\/www.tedic.org\/en\/wp-json\/wp\/v2\/media\/11705"}],"wp:attachment":[{"href":"https:\/\/www.tedic.org\/en\/wp-json\/wp\/v2\/media?parent=12039"}],"wp:term":[{"taxonomy":"category","embeddable":true,"href":"https:\/\/www.tedic.org\/en\/wp-json\/wp\/v2\/categories?post=12039"},{"taxonomy":"post_tag","embeddable":true,"href":"https:\/\/www.tedic.org\/en\/wp-json\/wp\/v2\/tags?post=12039"}],"curies":[{"name":"wp","href":"https:\/\/api.w.org\/{rel}","templated":true}]}}