{"id":26713,"date":"2024-10-16T11:18:36","date_gmt":"2024-10-16T14:18:36","guid":{"rendered":"https:\/\/www.tedic.org\/?p=26713"},"modified":"2024-11-22T11:22:00","modified_gmt":"2024-11-22T14:22:00","slug":"inclusive-metaverse","status":"publish","type":"post","link":"https:\/\/www.tedic.org\/en\/inclusive-metaverse\/","title":{"rendered":"Rethinking and redesigning a safe and inclusive metaverse"},"content":{"rendered":"\n<p>The accelerated expansion of digital technologies raises emerging and specific challenges related to inclusion, non-discrimination, and digital violence, particularly for populations historically marginalized by interconnected systems of oppression such as colonialism, racism, and patriarchy. This exploratory, intersectional, and decolonial study, conducted across eight Latin American countries, seeks to understand how current legislation addresses these issues in the digital realm. It also examines the perceptions of affected communities regarding the use of digital technologies and the construction of identities in virtual spaces. The analysis focuses on the potential of the metaverse as a new digital sphere that, if designed from inclusive and decolonial perspectives from the Global South, could offer opportunities for representation and active participation for these communities.<\/p>\n\n\n\n<p>The theoretical framework is enriched by key concepts such as intersectionality, the coloniality of gender, and the matrix of domination, proposing a critical analysis of technology-facilitated violence through a lens that acknowledges the convergence of multiple vulnerability factors. Using a qualitative methodology that includes listening sessions, in-depth interviews, and a review of the legislation in the selected countries, this research aims to identify opportunities for digital inclusion and the mitigation of digital gender-based violence in the design and development of the metaverse.<\/p>\n\n\n\n<p>This analysis reveals that despite legislative efforts to address digital violence and promote inclusion, there remains a critical need to integrate intersectional and decolonial approaches into public policies and technological design. Highlighting some regional best practices and experiences, the study argues for the development of metaverses that not only embrace the cultural and gender diversity of Latin America but also incorporate the voices of its communities in creation and design processes, paving the way for more just and equitable digital futures.<\/p>\n\n\n\n<p><strong>Keywords:<\/strong> <em>intersectionality, metaverse, gender, diversity, digital violence, Global South.<\/em><\/p>\n\n\n\n<p><strong>General Coordination:<\/strong> Araceli Ram\u00edrez<\/p>\n\n\n\n<p><strong>Authors:<\/strong> Araceli Ram\u00edrez, Jazm\u00edn S\u00e1nchez, Abril Reyna, Ana Calder\u00f3n, Lilian Soto Badui, Maricarmen Sequera<\/p>\n\n\n\n<p><strong>Alliances and Collaborations:<\/strong> Luchadoras (Mexico), Sula Batsu (Costa Rica), Amaranta ONG (Chile), Hiperderecho (Peru), Fundaci\u00f3n Karisma (Colombia), InternetLab (Brazil), and LatFem (Argentina).<\/p>\n\n\n\n<p><\/p>\n\n\n\n<div class=\"wp-block-buttons is-layout-flex wp-block-buttons-is-layout-flex\">\n<div class=\"wp-block-button\"><a class=\"wp-block-button__link has-primary-background-color has-background wp-element-button\" href=\"https:\/\/www.tedic.org\/wp-content\/uploads\/2024\/11\/Metaverso-ENG-web.pdf\">Download<\/a><\/div>\n<\/div>\n","protected":false},"excerpt":{"rendered":"<p>The accelerated expansion of digital technologies raises emerging and specific challenges related to inclusion, non-discrimination, and digital violence, particularly for [&hellip;]<\/p>\n","protected":false},"author":1,"featured_media":26720,"comment_status":"closed","ping_status":"closed","sticky":false,"template":"","format":"standard","meta":{"inline_featured_image":false,"footnotes":""},"categories":[1250,1251],"tags":[1417,1577,1506,715],"class_list":["post-26713","post","type-post","status-publish","format-standard","has-post-thumbnail","hentry","category-digital-inclusion","category-research","tag-freedom-of-expresion","tag-metaverse","tag-ogbv","tag-privacy-en"],"_links":{"self":[{"href":"https:\/\/www.tedic.org\/en\/wp-json\/wp\/v2\/posts\/26713","targetHints":{"allow":["GET"]}}],"collection":[{"href":"https:\/\/www.tedic.org\/en\/wp-json\/wp\/v2\/posts"}],"about":[{"href":"https:\/\/www.tedic.org\/en\/wp-json\/wp\/v2\/types\/post"}],"author":[{"embeddable":true,"href":"https:\/\/www.tedic.org\/en\/wp-json\/wp\/v2\/users\/1"}],"replies":[{"embeddable":true,"href":"https:\/\/www.tedic.org\/en\/wp-json\/wp\/v2\/comments?post=26713"}],"version-history":[{"count":1,"href":"https:\/\/www.tedic.org\/en\/wp-json\/wp\/v2\/posts\/26713\/revisions"}],"predecessor-version":[{"id":26723,"href":"https:\/\/www.tedic.org\/en\/wp-json\/wp\/v2\/posts\/26713\/revisions\/26723"}],"wp:featuredmedia":[{"embeddable":true,"href":"https:\/\/www.tedic.org\/en\/wp-json\/wp\/v2\/media\/26720"}],"wp:attachment":[{"href":"https:\/\/www.tedic.org\/en\/wp-json\/wp\/v2\/media?parent=26713"}],"wp:term":[{"taxonomy":"category","embeddable":true,"href":"https:\/\/www.tedic.org\/en\/wp-json\/wp\/v2\/categories?post=26713"},{"taxonomy":"post_tag","embeddable":true,"href":"https:\/\/www.tedic.org\/en\/wp-json\/wp\/v2\/tags?post=26713"}],"curies":[{"name":"wp","href":"https:\/\/api.w.org\/{rel}","templated":true}]}}