{"id":28469,"date":"2025-04-29T12:34:52","date_gmt":"2025-04-29T16:34:52","guid":{"rendered":"https:\/\/www.tedic.org\/?p=28469"},"modified":"2025-04-29T12:34:55","modified_gmt":"2025-04-29T16:34:55","slug":"not-with-my-face-the-paraguayan-state-deploys-facial-recognition","status":"publish","type":"post","link":"https:\/\/www.tedic.org\/en\/not-with-my-face-the-paraguayan-state-deploys-facial-recognition\/","title":{"rendered":"Not with my face: The Paraguayan State deploys facial recognition without transparency or oversight"},"content":{"rendered":"\n<p>In Paraguay, <a href=\"https:\/\/www.tedic.org\/en\/not-with-my-face-mass-surveillance-through-facial-recognition-in-paraguay\/\">the use of biometric surveillance technologies is expanding<\/a> without public knowledge, debate, <a href=\"https:\/\/www.tedic.org\/en\/massive-data-leaks-in-paraguay2025\/\">or legal frameworks to ensure the protection of our fundamental rights<\/a>. Facial recognition cameras are already installed in streets,<a href=\"https:\/\/www.tedic.org\/en\/notwithmyface\/\"> football stadiums<\/a>, public offices, and institutional buildings, capturing sensitive data from thousands of people every day. But who controls this technology? What criteria are used to activate these cameras? What do public institutions do with the images and biometric data they collect?<\/p>\n\n\n\n<p>A new investigation by TEDIC \u2014based on freedom of information requests, strategic litigation, and analysis of official documents\u2014 reveals an alarming reality: the Paraguayan State has been implementing facial recognition technology in an opaque manner, without specific regulation, misusing public funds, and violating basic rights such as privacy, freedom of movement, and the presumption of innocence.<\/p>\n\n\n\n<figure class=\"wp-block-embed is-type-video is-provider-youtube wp-block-embed-youtube wp-embed-aspect-16-9 wp-has-aspect-ratio\"><div class=\"wp-block-embed__wrapper\">\n<iframe loading=\"lazy\" title=\"Con mi cara no: el Estado paraguayo despliega reconocimiento facial sin transparencia ni control\" width=\"500\" height=\"281\" src=\"https:\/\/www.youtube.com\/embed\/GdISgcAz1Ic?feature=oembed\" frameborder=\"0\" allow=\"accelerometer; autoplay; clipboard-write; encrypted-media; gyroscope; picture-in-picture; web-share\" referrerpolicy=\"strict-origin-when-cross-origin\" allowfullscreen><\/iframe>\n<\/div><\/figure>\n\n\n\n<h2 class=\"wp-block-heading\"><strong>Since when have we been watched?<\/strong><\/h2>\n\n\n\n<p>The<a href=\"https:\/\/www.tedic.org\/quien-vigila-al-vigilante-reconocimiento-facial-en-asuncion\/\"> implementation of facial recognition cameras began in 2018<\/a>, when the National Police announced the acquisition of 154 cameras, 44 of which included this technology. Since then, their use has expanded through multiple purchases made by the Ministry of the Interior, the National Telecommunications Commission (CONATEL), municipalities, and other public entities. In our new investigation, we point out how these acquisitions were not only difficult to track due to the way the bids were classified, but in many cases were disguised as purchases of \u201coffice\u201d or \u201ceducational\u201d equipment, making proper oversight nearly impossible.<\/p>\n\n\n\n<figure class=\"wp-block-image aligncenter size-full\"><img loading=\"lazy\" decoding=\"async\" width=\"726\" height=\"801\" src=\"https:\/\/www.tedic.org\/wp-content\/uploads\/2025\/04\/imagen-12.png\" alt=\"\" class=\"wp-image-28470\" srcset=\"https:\/\/www.tedic.org\/wp-content\/uploads\/2025\/04\/imagen-12.png 726w, https:\/\/www.tedic.org\/wp-content\/uploads\/2025\/04\/imagen-12-272x300.png 272w\" sizes=\"auto, (max-width: 726px) 100vw, 726px\" \/><figcaption class=\"wp-element-caption\">Available in: <a href=\"https:\/\/www.tedic.org\/reconocimiento_facial_py\/\">https:\/\/www.tedic.org\/reconocimiento_facial_py\/<\/a><\/figcaption><\/figure>\n\n\n\n<p class=\"has-text-align-left\"><\/p>\n\n\n\n<h2 class=\"wp-block-heading\"><strong>Who bought these cameras?<\/strong><\/h2>\n\n\n\n<p>Through the analysis of public information and official documents, we identified at least <a href=\"https:\/\/www.tedic.org\/wp-content\/uploads\/2025\/03\/Reconocimiento-Facial-Estado-Paraguayo.pdf\">13 public institutions<\/a> that acknowledged possessing facial recognition technology, including:<br \/>\u2022 National Administration of Navigation and Ports (ANNP)<br \/>\u2022 National Directorate of Migration<br \/>\u2022 Itap\u00faa Governorship<br \/>\u2022 Municipality of Paraguar\u00ed<br \/>\u2022 Chamber of Senators<br \/>\u2022 National Directorate of Civil Aeronautics (DINAC)<\/p>\n\n\n\n<p>Additionally, the governorships of Presidente Hayes, Boquer\u00f3n, and Caaguaz\u00fa, as well as the Ministry of Finance, SENAD, the Ministry of Justice, and the Binational Entity Yacyret\u00e1 also acquired cameras connected to the 911 System.<\/p>\n\n\n\n<h2 class=\"wp-block-heading\"><strong>Public Funds <\/strong><strong>d<\/strong><strong>iverted<\/strong><\/h2>\n\n\n\n<p>One of the most alarming findings of this investigation is the use of the Universal Service Fund (USF) \u2014administered by CONATEL\u2014 to finance video surveillance technologies, including facial recognition. This fund was created with a clear purpose: to guarantee universal access to telecommunications services, prioritizing rural communities, Indigenous peoples, and historically excluded sectors with limited access to the internet and phone services.<\/p>\n\n\n\n<p>According to <a href=\"https:\/\/a4ai.org\/wp-content\/uploads\/2022\/01\/2021-12-16-Universal-Service-and-Access-Funds-SPANISH-Report.pdf\">both national and international regulations, USF resources<\/a> must be allocated to projects that promote digital inclusion, connectivity in schools, health centers, and public spaces, affordable access to devices and services, and the development of digital skills in vulnerable communities. In other words, it has a social mission aimed at closing the digital divide from a rights-based approach.<\/p>\n\n\n\n<p>However, between 2011 and 2022, CONATEL awarded 27 contracts through the USF. Starting in 2016, a troubling shift in the use of these funds became evident: they began to be used to purchase video surveillance cameras\u2014many of them equipped with facial recognition technology\u2014instead of being allocated to ensure internet access in areas with low or no connectivity.<\/p>\n\n\n\n<p>This diversion not only goes against the original purpose of the fund but was carried out without transparency mechanisms, public consultation, or impact assessments, and without meeting human rights standards that should guide any state technology policy.<\/p>\n\n\n\n<p><a href=\"https:\/\/www.tedic.org\/biometria-y-video-vigilancia-parte1\/\">TEDIC raised the alarm about this issue in 2018<\/a>, which sparked international concern: both the Alliance for Affordable Internet and the Internet Society warned that this practice violates the principle of proper use of public funds and sets a harmful precedent in the region\u2014showing how governments may use funds intended to guarantee rights to instead deploy surveillance infrastructure. In concrete terms, what we see is a discretionary and potentially improper use of public resources which, instead of benefiting vulnerable populations, ends up expanding the State\u2019s capacity to surveil, monitor, and profile citizens without regulation, without accountability, and without safeguards.<\/p>\n\n\n\n<h2 class=\"wp-block-heading\"><strong>Strategic Litigation to Demand Transparency<\/strong><\/h2>\n\n\n\n<p>Since 2018, we have been driving<a href=\"https:\/\/www.tedic.org\/sentencia-historica-de-la-corte-en-paraguay-sobre-el-acceso-a-la-informacion-en-el-caso-de-reconocimiento-facial\/\"> strategic litigation against the Paraguayan State to demand access to public information<\/a> regarding the implementation of these technologies. In total, three legal actions have been initiated:<\/p>\n\n\n\n<ul class=\"wp-block-list\">\n<li>In 2018, an injunction against the Ministry of the Interior was rejected on the grounds of &#8220;national security,&#8221; without any concrete legal justification. This ruling legitimized state opacity and reproduced authoritarian logics reminiscent of the country\u2019s dictatorial past.<br \/>\u2022 In 2023, two new injunctions again sought to obtain public information about the use of facial recognition. Both were also met with institutional and judicial refusals.<\/li>\n<\/ul>\n\n\n\n<p>These cases reveal how state surveillance is advancing outside the rule of law, without accountability, and with a worrying normalization of secrecy.<\/p>\n\n\n\n<figure class=\"wp-block-image aligncenter size-full\"><a href=\"https:\/\/www.instagram.com\/p\/C95juBIRMeZ\/?utm_source=ig_embed&amp;utm_campaign=embed_video_watch_again\"><img loading=\"lazy\" decoding=\"async\" width=\"675\" height=\"595\" src=\"https:\/\/www.tedic.org\/wp-content\/uploads\/2025\/04\/video-leo-1.png\" alt=\"\" class=\"wp-image-28651\" srcset=\"https:\/\/www.tedic.org\/wp-content\/uploads\/2025\/04\/video-leo-1.png 675w, https:\/\/www.tedic.org\/wp-content\/uploads\/2025\/04\/video-leo-1-300x264.png 300w\" sizes=\"auto, (max-width: 675px) 100vw, 675px\" \/><\/a><\/figure>\n\n\n\n<h2 class=\"wp-block-heading\"><strong>Minimal <\/strong><strong>r<\/strong><strong>esults, <\/strong><strong>m<\/strong><strong>aximum <\/strong><strong>r<\/strong><strong>isks<\/strong><\/h2>\n\n\n\n<p>Records from the National Police themselves contradict the official narrative that justifies these technologies based on their \u201csecurity effectiveness.\u201d Between 2019 and 2023, facial recognition systems issued only 137 alerts over four years\u2014just one of them in 2023.<\/p>\n\n\n\n<p>Faced with such marginal outcomes, the human rights cost is immense: mass surveillance, discrimination, false positives, and the creation of a digital ecosystem that criminalizes simply being present in public space.<\/p>\n\n\n\n<figure class=\"wp-block-image aligncenter size-full\"><img loading=\"lazy\" decoding=\"async\" width=\"729\" height=\"546\" src=\"https:\/\/www.tedic.org\/wp-content\/uploads\/2025\/04\/imagen-13.png\" alt=\"\" class=\"wp-image-28472\" srcset=\"https:\/\/www.tedic.org\/wp-content\/uploads\/2025\/04\/imagen-13.png 729w, https:\/\/www.tedic.org\/wp-content\/uploads\/2025\/04\/imagen-13-300x225.png 300w\" sizes=\"auto, (max-width: 729px) 100vw, 729px\" \/><\/figure>\n\n\n\n<h3 class=\"wp-block-heading\"><strong>A State <\/strong><strong>w<\/strong><strong>ithout a Data Protection Law<\/strong><\/h3>\n\n\n\n<p>Paraguay still does not have a personal data protection law. This means there is no legal framework to limit or regulate how people\u2019s biometric data is collected, stored, or processed.<\/p>\n\n\n\n<p>Despite this, in 2024 Congress passed the Sports Violence Law, which authorizes the <a href=\"https:\/\/conmicarano.tedic.org\/\">use of facial recognition in football stadiums<\/a>\u2014without adequate safeguards for rights protection or citizen oversight mechanisms. This happened after the Ministry of the Interior and the Paraguayan Football Association had already signed agreements to install these cameras.<\/p>\n\n\n\n<h2 class=\"wp-block-heading\"><strong>What do we propose from TEDIC?<\/strong><\/h2>\n\n\n\n<p><strong>In light of this scenario, our investigation concludes with three urgent calls to action:<\/strong><\/p>\n\n\n\n<ol class=\"wp-block-list\">\n<li>Immediately suspend the use of facial recognition technologies until a robust, human rights-based personal data protection law is in place.<\/li>\n\n\n\n<li>Investigate the misuse of public funds\u2014especially those from the Universal Service Fund (USF)\u2014and sanction their use for surveillance.<\/li>\n\n\n\n<li>Guarantee public access to all contracts, agreements, and procurement processes related to biometric surveillance technologies.<\/li>\n<\/ol>\n\n\n\n<p>Because your face is not just another data point. It\u2019s your identity. It\u2019s irreplaceable. And it must be protected. You can download the full investigation by clicking this link. You can also join our campaigns <strong>#MyDataMyRights<\/strong> and <strong>#NotWithMyFace<\/strong> on social media.<\/p>\n\n\n\n<p><\/p>\n","protected":false},"excerpt":{"rendered":"<p>In Paraguay, the use of biometric surveillance technologies is expanding without public knowledge, debate, or legal frameworks to ensure the [&hellip;]<\/p>\n","protected":false},"author":1,"featured_media":28482,"comment_status":"closed","ping_status":"open","sticky":true,"template":"","format":"standard","meta":{"inline_featured_image":false,"footnotes":""},"categories":[1233,711],"tags":[1446,1445,714,1659],"class_list":["post-28469","post","type-post","status-publish","format-standard","has-post-thumbnail","hentry","category-blog-en","category-privacy","tag-biometrics","tag-facial-recognition","tag-personal-data-en","tag-sensitive-data"],"_links":{"self":[{"href":"https:\/\/www.tedic.org\/en\/wp-json\/wp\/v2\/posts\/28469","targetHints":{"allow":["GET"]}}],"collection":[{"href":"https:\/\/www.tedic.org\/en\/wp-json\/wp\/v2\/posts"}],"about":[{"href":"https:\/\/www.tedic.org\/en\/wp-json\/wp\/v2\/types\/post"}],"author":[{"embeddable":true,"href":"https:\/\/www.tedic.org\/en\/wp-json\/wp\/v2\/users\/1"}],"replies":[{"embeddable":true,"href":"https:\/\/www.tedic.org\/en\/wp-json\/wp\/v2\/comments?post=28469"}],"version-history":[{"count":15,"href":"https:\/\/www.tedic.org\/en\/wp-json\/wp\/v2\/posts\/28469\/revisions"}],"predecessor-version":[{"id":28658,"href":"https:\/\/www.tedic.org\/en\/wp-json\/wp\/v2\/posts\/28469\/revisions\/28658"}],"wp:featuredmedia":[{"embeddable":true,"href":"https:\/\/www.tedic.org\/en\/wp-json\/wp\/v2\/media\/28482"}],"wp:attachment":[{"href":"https:\/\/www.tedic.org\/en\/wp-json\/wp\/v2\/media?parent=28469"}],"wp:term":[{"taxonomy":"category","embeddable":true,"href":"https:\/\/www.tedic.org\/en\/wp-json\/wp\/v2\/categories?post=28469"},{"taxonomy":"post_tag","embeddable":true,"href":"https:\/\/www.tedic.org\/en\/wp-json\/wp\/v2\/tags?post=28469"}],"curies":[{"name":"wp","href":"https:\/\/api.w.org\/{rel}","templated":true}]}}